{"id":2946,"date":"2017-02-02T13:37:13","date_gmt":"2017-02-02T12:37:13","guid":{"rendered":"https:\/\/elsatriolet-lemee77.ac-creteil.fr\/wordpress\/?p=2946"},"modified":"2017-02-02T13:37:13","modified_gmt":"2017-02-02T12:37:13","slug":"liaison-avec-lecole-primaire-camus-graphie","status":"publish","type":"post","link":"https:\/\/elsatriolet-lemee77.fr\/index.php\/2017\/02\/02\/liaison-avec-lecole-primaire-camus-graphie\/","title":{"rendered":"Liaison avec l&rsquo;\u00e9cole primaire Camus &#8211; Graphie !"},"content":{"rendered":"<p><a href=\"https:\/\/i0.wp.com\/elsatriolet-lemee77.fr\/wp-content\/uploads\/2017\/02\/craneuses1.jpg?ssl=1\"><img data-recalc-dims=\"1\" loading=\"lazy\" decoding=\"async\" src=\"https:\/\/i0.wp.com\/elsatriolet-lemee77.fr\/wp-content\/uploads\/2017\/02\/craneuses1.jpg?resize=1140%2C855&#038;ssl=1\" alt=\"\" width=\"1140\" height=\"855\" class=\"aligncenter size-full wp-image-2947\" \/><\/a><\/p>\n<p>Ce mardi 31\/01\/2017, la salle d&rsquo;arts plastiques du coll\u00e8ge Elsa TRIOLET a doubl\u00e9, pour une heure, sa capacit\u00e9 d&rsquo;accueil: 22 \u00e9l\u00e8ves de CE1-CM2 de l&rsquo;\u00e9cole \u00e9l\u00e9mentaire Albert CAMUS sont venus se joindre aux 24 \u00e9l\u00e8ves de 6\u00e8me3, le temps d&rsquo;une exp\u00e9rience commune.<\/p>\n<p><a href=\"https:\/\/i0.wp.com\/elsatriolet-lemee77.fr\/wp-content\/uploads\/2017\/02\/craneuses2.jpg?ssl=1\"><img data-recalc-dims=\"1\" loading=\"lazy\" decoding=\"async\" src=\"https:\/\/i0.wp.com\/elsatriolet-lemee77.fr\/wp-content\/uploads\/2017\/02\/craneuses2.jpg?resize=1026%2C1369&#038;ssl=1\" alt=\"\" width=\"1026\" height=\"1369\" class=\"aligncenter size-full wp-image-2948\" \/><\/a><\/p>\n<p>Dans un premier temps, durant 10 minutes, Mme BOURBONNAIS -la professeur  d&rsquo;arts plastiques du coll\u00e8ge- s&rsquo;est charg\u00e9e d&rsquo;\u00e9voquer avec les plus jeunes les tous premiers dessins de l&rsquo;humanit\u00e9 (pr\u00e9historiques, \u00e9gyptiens&#8230;) qui tenaient lieu d&rsquo;\u00e9criture, afin d&rsquo;ouvrir le d\u00e9bat sur l&rsquo;origine commune des deux pratiques. C&rsquo;est d&rsquo;ailleurs dans le but de travailler des graphies, \u00e0 l&rsquo;intersection du dessin et de l&rsquo;\u00e9criture, que l&rsquo;outil choisi a \u00e9t\u00e9 naturellement le stylo bille!<\/p>\n<p><a href=\"https:\/\/i0.wp.com\/elsatriolet-lemee77.fr\/wp-content\/uploads\/2017\/02\/Craneuses3.jpg?ssl=1\"><img data-recalc-dims=\"1\" loading=\"lazy\" decoding=\"async\" src=\"https:\/\/i0.wp.com\/elsatriolet-lemee77.fr\/wp-content\/uploads\/2017\/02\/Craneuses3.jpg?resize=1140%2C855&#038;ssl=1\" alt=\"\" width=\"1140\" height=\"855\" class=\"aligncenter size-full wp-image-2949\" \/><\/a><\/p>\n<p>L&rsquo;espace de la salle a sembl\u00e9 se r\u00e9tr\u00e9cir quand, \u00e0 la sonnerie, les \u00e9l\u00e8ves de 6\u00e8me3 se sont r\u00e9partis aux tables ou s&rsquo;\u00e9taient d\u00e9j\u00e0 install\u00e9s 3 par 3 les \u00e9l\u00e8ves de Mme CANNELL.<br \/>\nEt la magie a op\u00e9r\u00e9&#8230;<br \/>\nCe sont les \u00ab\u00a0petits\u00a0\u00bb qui ont restitu\u00e9 aux plus grands ce qu&rsquo;on venait de leur expliquer, avec leurs propres mots, de fa\u00e7on juste et d\u00e9taill\u00e9e: preuve que l&rsquo;attention avait \u00e9t\u00e9 optimale!<\/p>\n<p><a href=\"https:\/\/i0.wp.com\/elsatriolet-lemee77.fr\/wp-content\/uploads\/2017\/02\/craneuses5.jpg?ssl=1\"><img data-recalc-dims=\"1\" loading=\"lazy\" decoding=\"async\" src=\"https:\/\/i0.wp.com\/elsatriolet-lemee77.fr\/wp-content\/uploads\/2017\/02\/craneuses5.jpg?resize=1140%2C855&#038;ssl=1\" alt=\"\" width=\"1140\" height=\"855\" class=\"aligncenter size-full wp-image-2950\" \/><\/a><\/p>\n<p>Toutes les conditions \u00e9taient donc r\u00e9unies pour rentrer dans l&rsquo;activit\u00e9, ce que chaque \u00e9l\u00e8ve, plus ou moins exp\u00e9riment\u00e9 niveau maniement du stylo, a fait avec application&#8230; non sans jeter un regard inquiet \u00e0 la feuille de ses voisins:<br \/>\n\u00ab\u00a0Et si les plus petits dessinaient mieux que moi?\u00a0\u00bb<br \/>\n\u00ab\u00a0Les grands vont trouver que je ne sais pas faire&#8230;\u00a0\u00bb<\/p>\n<p><a href=\"https:\/\/i0.wp.com\/elsatriolet-lemee77.fr\/wp-content\/uploads\/2017\/02\/craneuses6.jpg?ssl=1\"><img data-recalc-dims=\"1\" loading=\"lazy\" decoding=\"async\" src=\"https:\/\/i0.wp.com\/elsatriolet-lemee77.fr\/wp-content\/uploads\/2017\/02\/craneuses6.jpg?resize=1140%2C1521&#038;ssl=1\" alt=\"\" width=\"1140\" height=\"1521\" class=\"aligncenter size-full wp-image-2952\" \/><\/a><\/p>\n<p>Au final, quelques minutes et deux ou trois paroles encourageantes auront suffi pour que les enfants, d\u00e9complex\u00e9s, s&rsquo;approprient l&rsquo;activit\u00e9 et produisent des graphies de qualit\u00e9, toutes plus singuli\u00e8res les unes que les autres: chaque personnalit\u00e9 se manifestant \u00e0 sa mani\u00e8re, bien que tous soient partis des m\u00eames \u00ab\u00a0mod\u00e8les\u00a0\u00bb!<br \/>\nCe fut une rencontre r\u00e9ussie \u00e0 tous points de vue, l&rsquo;annonce d&rsquo;un projet enrichissant qui s&rsquo;\u00e9tirera jusqu&rsquo;aux portes ouvertes du coll\u00e8ge le 16 juin 2017. D&rsquo;ici-l\u00e0, deux nouvelles rencontres sont pr\u00e9vues, ainsi que des ateliers men\u00e9s en parall\u00e8le dans les deux \u00e9tablissements&#8230;<br \/>\nLe prochain rendez-vous avec les CE1-CM2 de Mme CANNELL aura lieu mardi 7 mars: nous l&rsquo;attendons avec impatience! <\/p>\n","protected":false},"excerpt":{"rendered":"<p>Ce mardi 31\/01\/2017, la salle d&rsquo;arts plastiques du coll\u00e8ge Elsa TRIOLET a doubl\u00e9, pour une heure, sa capacit\u00e9 d&rsquo;accueil: 22 \u00e9l\u00e8ves de CE1-CM2 de l&rsquo;\u00e9cole \u00e9l\u00e9mentaire Albert CAMUS sont venus se joindre aux 24 \u00e9l\u00e8ves de 6\u00e8me3, le temps d&rsquo;une exp\u00e9rience commune. Dans un premier temps, durant 10 minutes, Mme BOURBONNAIS -la professeur d&rsquo;arts plastiques [&hellip;]<\/p>\n","protected":false},"author":1,"featured_media":2952,"comment_status":"open","ping_status":"open","sticky":false,"template":"","format":"standard","meta":{"_jetpack_newsletter_access":"","_jetpack_dont_email_post_to_subs":false,"_jetpack_newsletter_tier_id":0,"_jetpack_memberships_contains_paywalled_content":false,"_jetpack_memberships_contains_paid_content":false,"footnotes":""},"categories":[8],"tags":[],"class_list":{"0":"post-2946","1":"post","2":"type-post","3":"status-publish","4":"format-standard","5":"has-post-thumbnail","7":"category-liaison-ecole-college","8":"czr-hentry"},"jetpack_featured_media_url":"","jetpack_shortlink":"https:\/\/wp.me\/paBVJD-Lw","jetpack_sharing_enabled":true,"_links":{"self":[{"href":"https:\/\/elsatriolet-lemee77.fr\/index.php\/wp-json\/wp\/v2\/posts\/2946","targetHints":{"allow":["GET"]}}],"collection":[{"href":"https:\/\/elsatriolet-lemee77.fr\/index.php\/wp-json\/wp\/v2\/posts"}],"about":[{"href":"https:\/\/elsatriolet-lemee77.fr\/index.php\/wp-json\/wp\/v2\/types\/post"}],"author":[{"embeddable":true,"href":"https:\/\/elsatriolet-lemee77.fr\/index.php\/wp-json\/wp\/v2\/users\/1"}],"replies":[{"embeddable":true,"href":"https:\/\/elsatriolet-lemee77.fr\/index.php\/wp-json\/wp\/v2\/comments?post=2946"}],"version-history":[{"count":0,"href":"https:\/\/elsatriolet-lemee77.fr\/index.php\/wp-json\/wp\/v2\/posts\/2946\/revisions"}],"wp:featuredmedia":[{"embeddable":true,"href":"https:\/\/elsatriolet-lemee77.fr\/index.php\/wp-json\/"}],"wp:attachment":[{"href":"https:\/\/elsatriolet-lemee77.fr\/index.php\/wp-json\/wp\/v2\/media?parent=2946"}],"wp:term":[{"taxonomy":"category","embeddable":true,"href":"https:\/\/elsatriolet-lemee77.fr\/index.php\/wp-json\/wp\/v2\/categories?post=2946"},{"taxonomy":"post_tag","embeddable":true,"href":"https:\/\/elsatriolet-lemee77.fr\/index.php\/wp-json\/wp\/v2\/tags?post=2946"}],"curies":[{"name":"wp","href":"https:\/\/api.w.org\/{rel}","templated":true}]}}