{"id":5236,"date":"2022-10-20T09:00:30","date_gmt":"2022-10-20T07:00:30","guid":{"rendered":"https:\/\/elsatriolet-lemee77.fr\/?p=5236"},"modified":"2022-10-22T16:19:56","modified_gmt":"2022-10-22T14:19:56","slug":"festival-fables-en-images","status":"publish","type":"post","link":"https:\/\/elsatriolet-lemee77.fr\/index.php\/2022\/10\/20\/festival-fables-en-images\/","title":{"rendered":"Festival \u00ab Fables en Images \u00bb"},"content":{"rendered":"\n<p>Mardi 11 Octobre, la classe \u00ab Image \u00bb du Coll\u00e8ge a accueilli les CM1 de l&rsquo;\u00e9cole Camus pour la 1<sup>\u00e8re<\/sup> \u00e9dition du Festival des \u00ab Fables en Images \u00bb.<\/p>\n\n\n\n<p>En effet, toute cette ann\u00e9e, les 6<sup>e<\/sup>2 travailleront autour de l&rsquo;image au sens large (illustration, cin\u00e9ma, r\u00e9alisation, visionnage).<\/p>\n\n\n\n<p>Pour ce 1<sup>er<\/sup> \u00e9v\u00e9nement, les \u00e9l\u00e8ves se sont bas\u00e9s sur le recueil offert cet \u00e9t\u00e9 par le minist\u00e8re de l&rsquo;\u00c9ducation nationale, pour pr\u00e9senter les Fables de Jean de La Fontaine!<\/p>\n\n\n\n<p>Au programme :<\/p>\n\n\n\n<ul class=\"wp-block-list\"><li>Mise en voix d&rsquo;une fable<\/li><li>Explication de celle-ci<\/li><li>Illustration<\/li><\/ul>\n\n\n\n<p>L&rsquo;\u00e9quipe qui pr\u00e9sentait la fable \u00ab Le Renard et la Cigogne \u00bb a remport\u00e9 la 1<sup>\u00e8re<\/sup> \u00e9dition.<\/p>\n\n\n\n<p>Les \u00e9l\u00e8ves de CM1 travaillant sur les fables ont, eux aussi, lanc\u00e9 une invitation : le prochain rendez-vous de cette liaison sera donc dans l&rsquo;\u00e9cole Camus !<\/p>\n\n\n\n<p>Merci au CDI de nous avoir accueillis !<\/p>\n\n\n\n<figure class=\"wp-block-image size-full\"><img data-recalc-dims=\"1\" loading=\"lazy\" decoding=\"async\" width=\"442\" height=\"619\" data-attachment-id=\"5240\" data-permalink=\"https:\/\/elsatriolet-lemee77.fr\/index.php\/2022\/10\/20\/festival-fables-en-images\/capture\/\" data-orig-file=\"https:\/\/i0.wp.com\/elsatriolet-lemee77.fr\/wp-content\/uploads\/2022\/10\/Capture.jpg?fit=442%2C619&amp;ssl=1\" data-orig-size=\"442,619\" data-comments-opened=\"0\" data-image-meta=\"{&quot;aperture&quot;:&quot;0&quot;,&quot;credit&quot;:&quot;anne sophie sigonneau-zachayus&quot;,&quot;camera&quot;:&quot;&quot;,&quot;caption&quot;:&quot;&quot;,&quot;created_timestamp&quot;:&quot;1666092470&quot;,&quot;copyright&quot;:&quot;&quot;,&quot;focal_length&quot;:&quot;0&quot;,&quot;iso&quot;:&quot;0&quot;,&quot;shutter_speed&quot;:&quot;0&quot;,&quot;title&quot;:&quot;&quot;,&quot;orientation&quot;:&quot;0&quot;}\" data-image-title=\"Capture\" data-image-description=\"\" data-image-caption=\"\" data-medium-file=\"https:\/\/i0.wp.com\/elsatriolet-lemee77.fr\/wp-content\/uploads\/2022\/10\/Capture.jpg?fit=214%2C300&amp;ssl=1\" data-large-file=\"https:\/\/i0.wp.com\/elsatriolet-lemee77.fr\/wp-content\/uploads\/2022\/10\/Capture.jpg?fit=442%2C619&amp;ssl=1\" src=\"https:\/\/i0.wp.com\/elsatriolet-lemee77.fr\/wp-content\/uploads\/2022\/10\/Capture.jpg?resize=442%2C619&#038;ssl=1\" alt=\"\" class=\"wp-image-5240\" srcset=\"https:\/\/i0.wp.com\/elsatriolet-lemee77.fr\/wp-content\/uploads\/2022\/10\/Capture.jpg?w=442&amp;ssl=1 442w, https:\/\/i0.wp.com\/elsatriolet-lemee77.fr\/wp-content\/uploads\/2022\/10\/Capture.jpg?resize=214%2C300&amp;ssl=1 214w\" sizes=\"auto, (max-width: 442px) 100vw, 442px\" \/><\/figure>\n\n\n","protected":false},"excerpt":{"rendered":"<p>Mardi 11 Octobre, la classe \u00ab Image \u00bb du Coll\u00e8ge a accueilli les CM1 de l&rsquo;\u00e9cole Camus pour la 1\u00e8re \u00e9dition du Festival des \u00ab Fables en Images \u00bb. En effet, toute cette ann\u00e9e, les 6e2 travailleront autour de l&rsquo;image au sens large (illustration, cin\u00e9ma, r\u00e9alisation, visionnage). Pour ce 1er \u00e9v\u00e9nement, les \u00e9l\u00e8ves se sont [&hellip;]<\/p>\n","protected":false},"author":25,"featured_media":5240,"comment_status":"closed","ping_status":"closed","sticky":false,"template":"","format":"standard","meta":{"_jetpack_newsletter_access":"","_jetpack_dont_email_post_to_subs":false,"_jetpack_newsletter_tier_id":0,"_jetpack_memberships_contains_paywalled_content":false,"_jetpack_memberships_contains_paid_content":false,"footnotes":""},"categories":[2,56,8],"tags":[48],"class_list":{"0":"post-5236","1":"post","2":"type-post","3":"status-publish","4":"format-standard","5":"has-post-thumbnail","7":"category-cdi","8":"category-francais","9":"category-liaison-ecole-college","10":"tag-sixieme","11":"czr-hentry"},"jetpack_featured_media_url":"https:\/\/i0.wp.com\/elsatriolet-lemee77.fr\/wp-content\/uploads\/2022\/10\/Capture.jpg?fit=442%2C619&ssl=1","jetpack_shortlink":"https:\/\/wp.me\/paBVJD-1ms","jetpack_sharing_enabled":true,"_links":{"self":[{"href":"https:\/\/elsatriolet-lemee77.fr\/index.php\/wp-json\/wp\/v2\/posts\/5236","targetHints":{"allow":["GET"]}}],"collection":[{"href":"https:\/\/elsatriolet-lemee77.fr\/index.php\/wp-json\/wp\/v2\/posts"}],"about":[{"href":"https:\/\/elsatriolet-lemee77.fr\/index.php\/wp-json\/wp\/v2\/types\/post"}],"author":[{"embeddable":true,"href":"https:\/\/elsatriolet-lemee77.fr\/index.php\/wp-json\/wp\/v2\/users\/25"}],"replies":[{"embeddable":true,"href":"https:\/\/elsatriolet-lemee77.fr\/index.php\/wp-json\/wp\/v2\/comments?post=5236"}],"version-history":[{"count":5,"href":"https:\/\/elsatriolet-lemee77.fr\/index.php\/wp-json\/wp\/v2\/posts\/5236\/revisions"}],"predecessor-version":[{"id":5280,"href":"https:\/\/elsatriolet-lemee77.fr\/index.php\/wp-json\/wp\/v2\/posts\/5236\/revisions\/5280"}],"wp:featuredmedia":[{"embeddable":true,"href":"https:\/\/elsatriolet-lemee77.fr\/index.php\/wp-json\/wp\/v2\/media\/5240"}],"wp:attachment":[{"href":"https:\/\/elsatriolet-lemee77.fr\/index.php\/wp-json\/wp\/v2\/media?parent=5236"}],"wp:term":[{"taxonomy":"category","embeddable":true,"href":"https:\/\/elsatriolet-lemee77.fr\/index.php\/wp-json\/wp\/v2\/categories?post=5236"},{"taxonomy":"post_tag","embeddable":true,"href":"https:\/\/elsatriolet-lemee77.fr\/index.php\/wp-json\/wp\/v2\/tags?post=5236"}],"curies":[{"name":"wp","href":"https:\/\/api.w.org\/{rel}","templated":true}]}}