{"id":5345,"date":"2022-11-28T17:11:42","date_gmt":"2022-11-28T16:11:42","guid":{"rendered":"https:\/\/elsatriolet-lemee77.fr\/?p=5345"},"modified":"2022-12-13T13:57:16","modified_gmt":"2022-12-13T12:57:16","slug":"les-enfants-des-lumieres","status":"publish","type":"post","link":"https:\/\/elsatriolet-lemee77.fr\/index.php\/2022\/11\/28\/les-enfants-des-lumieres\/","title":{"rendered":"Les enfants des Lumi\u00e8res"},"content":{"rendered":"\n<p>Le premier trimestre s&rsquo;ach\u00e8ve, les \u00e9l\u00e8ves de la classe de quatri\u00e8me-cin\u00e9ma ont fait un bilan de l&rsquo;option qu&rsquo;ils ont suivie et du grand projet qui les occupe deux heures par semaine ! Ils se sont interview\u00e9s pour l&rsquo;occasion !<\/p>\n\n\n\n<p><span style=\"text-decoration: underline\">Farell que penses-tu du projet \u00abLes enfants des Lumi\u00e8res\u00bb ?<\/span><\/p>\n\n\n\n<p>\u00abJe pense que c\u2019est une exp\u00e9rience tr\u00e8s enrichissante et que celle-ci me permettra de trouver ma voix professionnelle pour plus tard\u00bb.<\/p>\n\n\n\n<p><span style=\"text-decoration: underline\">Explique-nous de quoi il s&rsquo;agit?<\/span><\/p>\n\n\n\n<p>Les enfants des Lumi\u00e8res est un projet du CNC( centre national de la cin\u00e9matographie et de l\u2019image anim\u00e9e) qui est pr\u00e9sent\u00e9 aux enfants de la banlieue parisienne et qui consiste \u00e0 cr\u00e9er \u00e0 la fin de la 3\u00e8me un court m\u00e9trage de 10min.<\/p>\n\n\n\n<p><span style=\"text-decoration: underline\">As-tu des attentes sp\u00e9ciales envers ce projet ?<\/span><\/p>\n\n\n\n<p>\u00abOui, mes attentes \u00e9taient de voir plusieurs pi\u00e8ces que ce soit de la danse ou du th\u00e9\u00e2tre et des films, ce qui a \u00e9t\u00e9 fait tr\u00e8s t\u00f4t dans l\u2019ann\u00e9e , voir aussi plusieurs m\u00e9tiers du cin\u00e9ma ou encore participer \u00e0 des petits courts m\u00e9trages\u00bb<\/p>\n\n\n\n<p><span style=\"text-decoration: underline\">Apprends-tu beaucoup de choses avec les cours de cin\u00e9ma qu\u2019on fait au coll\u00e8ge ?<\/span><\/p>\n\n\n\n<p>\u00ab J\u2019ai appris \u00e9norm\u00e9ment de choses sur l\u2019histoire du cin\u00e9ma avec Mme GUILLIEN-PINSARD, notamment les grandes dates du cin\u00e9ma comme la cr\u00e9ation du cin\u00e9ma en 1895, et les grands personnages du cin\u00e9ma comme George M\u00e9li\u00e8s qui a cr\u00e9\u00e9 les premiers trucages et surtout Les fr\u00e8res Lumi\u00e8res qui ont invent\u00e9 le cin\u00e9ma et la premi\u00e8re cam\u00e9ra.<\/p>\n\n\n\n<p>&nbsp;J\u2019ai aussi d\u00e9couvert les bases de la technique du cin\u00e9ma avec M. GARIBAL et M. CREGUT, j\u2019ai appris les diff\u00e9rents plans, mouvements de cam\u00e9ra, comment tourner des sc\u00e8nes et les monter en post-production.\u00bb<\/p>\n\n\n\n<p><span style=\"text-decoration: underline\">Quel est l\u2019\u00e9l\u00e9ment qui t\u2019a le plus marqu\u00e9 sur l\u2019\u00e9volution du cin\u00e9ma ?<\/span><\/p>\n\n\n\n<p>\u00abL\u2019\u00e9l\u00e9ment qui m\u2019a le plus marqu\u00e9 est la fa\u00e7on dont ils ajoutaient les couleurs sur la pellicule qui est minuscule c\u2019est-\u00e0-dire qu\u2019il fallait \u00e9norm\u00e9ment de pr\u00e9cision \u00e0 l\u2019\u00e9poque, et cela m\u2019a beaucoup impressionn\u00e9.\u00bb<\/p>\n\n\n\n<figure class=\"wp-block-image size-large is-resized\"><img loading=\"lazy\" decoding=\"async\" src=\"https:\/\/cnc-rec.cnc.fr\/documents\/36995\/878329\/070+Jordan+CORSELLIS%2C+%2C+Lyc%C3%A9e+Louis+Armand%2C+Nogent-sur-Marne.jpg\/b3c3fd4e-44da-f932-102d-57f9ed071c85?t=1539358424983\" alt=\"\" width=\"420\" height=\"595\" \/><\/figure>\n","protected":false},"excerpt":{"rendered":"<p>Le premier trimestre s&rsquo;ach\u00e8ve, les \u00e9l\u00e8ves de la classe de quatri\u00e8me-cin\u00e9ma ont fait un bilan de l&rsquo;option qu&rsquo;ils ont suivie et du grand projet qui les occupe deux heures par semaine ! Ils se sont interview\u00e9s pour l&rsquo;occasion ! Farell que penses-tu du projet \u00abLes enfants des Lumi\u00e8res\u00bb ? \u00abJe pense que c\u2019est une exp\u00e9rience [&hellip;]<\/p>\n","protected":false},"author":22,"featured_media":5383,"comment_status":"closed","ping_status":"closed","sticky":false,"template":"","format":"standard","meta":{"_jetpack_newsletter_access":"","_jetpack_dont_email_post_to_subs":false,"_jetpack_newsletter_tier_id":0,"_jetpack_memberships_contains_paywalled_content":false,"_jetpack_memberships_contains_paid_content":false,"footnotes":""},"categories":[78],"tags":[98,99,85],"class_list":{"0":"post-5345","1":"post","2":"type-post","3":"status-publish","4":"format-standard","5":"has-post-thumbnail","7":"category-classe-cinema","8":"tag-cinema","9":"tag-culture","10":"tag-quatrieme","11":"czr-hentry"},"jetpack_featured_media_url":"https:\/\/i0.wp.com\/elsatriolet-lemee77.fr\/wp-content\/uploads\/2022\/11\/afficheenfants-des-lumieres.jpg?fit=700%2C990&ssl=1","jetpack_shortlink":"https:\/\/wp.me\/paBVJD-1od","jetpack_sharing_enabled":true,"_links":{"self":[{"href":"https:\/\/elsatriolet-lemee77.fr\/index.php\/wp-json\/wp\/v2\/posts\/5345","targetHints":{"allow":["GET"]}}],"collection":[{"href":"https:\/\/elsatriolet-lemee77.fr\/index.php\/wp-json\/wp\/v2\/posts"}],"about":[{"href":"https:\/\/elsatriolet-lemee77.fr\/index.php\/wp-json\/wp\/v2\/types\/post"}],"author":[{"embeddable":true,"href":"https:\/\/elsatriolet-lemee77.fr\/index.php\/wp-json\/wp\/v2\/users\/22"}],"replies":[{"embeddable":true,"href":"https:\/\/elsatriolet-lemee77.fr\/index.php\/wp-json\/wp\/v2\/comments?post=5345"}],"version-history":[{"count":2,"href":"https:\/\/elsatriolet-lemee77.fr\/index.php\/wp-json\/wp\/v2\/posts\/5345\/revisions"}],"predecessor-version":[{"id":5347,"href":"https:\/\/elsatriolet-lemee77.fr\/index.php\/wp-json\/wp\/v2\/posts\/5345\/revisions\/5347"}],"wp:featuredmedia":[{"embeddable":true,"href":"https:\/\/elsatriolet-lemee77.fr\/index.php\/wp-json\/wp\/v2\/media\/5383"}],"wp:attachment":[{"href":"https:\/\/elsatriolet-lemee77.fr\/index.php\/wp-json\/wp\/v2\/media?parent=5345"}],"wp:term":[{"taxonomy":"category","embeddable":true,"href":"https:\/\/elsatriolet-lemee77.fr\/index.php\/wp-json\/wp\/v2\/categories?post=5345"},{"taxonomy":"post_tag","embeddable":true,"href":"https:\/\/elsatriolet-lemee77.fr\/index.php\/wp-json\/wp\/v2\/tags?post=5345"}],"curies":[{"name":"wp","href":"https:\/\/api.w.org\/{rel}","templated":true}]}}