{"id":8819,"date":"2026-01-23T08:40:40","date_gmt":"2026-01-23T07:40:40","guid":{"rendered":"https:\/\/elsatriolet-lemee77.fr\/?p=8819"},"modified":"2026-01-23T08:41:19","modified_gmt":"2026-01-23T07:41:19","slug":"collecte-de-vieux-telephones-et-si-on-agissait-pour-notre-planete","status":"publish","type":"post","link":"https:\/\/elsatriolet-lemee77.fr\/index.php\/2026\/01\/23\/collecte-de-vieux-telephones-et-si-on-agissait-pour-notre-planete\/","title":{"rendered":"Collecte de vieux t\u00e9l\u00e9phones : et si on agissait pour notre Plan\u00e8te ?"},"content":{"rendered":"\n<figure class=\"wp-block-image size-full\"><img data-recalc-dims=\"1\" loading=\"lazy\" decoding=\"async\" width=\"211\" height=\"428\" data-attachment-id=\"8822\" data-permalink=\"https:\/\/elsatriolet-lemee77.fr\/index.php\/2026\/01\/23\/collecte-de-vieux-telephones-et-si-on-agissait-pour-notre-planete\/1b4b80ee-0c3c-4cf4-8ad8-6581dffbac1d\/\" data-orig-file=\"https:\/\/i0.wp.com\/elsatriolet-lemee77.fr\/wp-content\/uploads\/2026\/01\/1b4b80ee-0c3c-4cf4-8ad8-6581dffbac1d.png?fit=211%2C428&amp;ssl=1\" data-orig-size=\"211,428\" data-comments-opened=\"0\" data-image-meta=\"{&quot;aperture&quot;:&quot;0&quot;,&quot;credit&quot;:&quot;&quot;,&quot;camera&quot;:&quot;&quot;,&quot;caption&quot;:&quot;&quot;,&quot;created_timestamp&quot;:&quot;0&quot;,&quot;copyright&quot;:&quot;&quot;,&quot;focal_length&quot;:&quot;0&quot;,&quot;iso&quot;:&quot;0&quot;,&quot;shutter_speed&quot;:&quot;0&quot;,&quot;title&quot;:&quot;&quot;,&quot;orientation&quot;:&quot;0&quot;}\" data-image-title=\"1b4b80ee-0c3c-4cf4-8ad8-6581dffbac1d\" data-image-description=\"\" data-image-caption=\"\" data-medium-file=\"https:\/\/i0.wp.com\/elsatriolet-lemee77.fr\/wp-content\/uploads\/2026\/01\/1b4b80ee-0c3c-4cf4-8ad8-6581dffbac1d.png?fit=148%2C300&amp;ssl=1\" data-large-file=\"https:\/\/i0.wp.com\/elsatriolet-lemee77.fr\/wp-content\/uploads\/2026\/01\/1b4b80ee-0c3c-4cf4-8ad8-6581dffbac1d.png?fit=211%2C428&amp;ssl=1\" src=\"https:\/\/i0.wp.com\/elsatriolet-lemee77.fr\/wp-content\/uploads\/2026\/01\/1b4b80ee-0c3c-4cf4-8ad8-6581dffbac1d.png?resize=211%2C428&#038;ssl=1\" alt=\"\" class=\"wp-image-8822\" srcset=\"https:\/\/i0.wp.com\/elsatriolet-lemee77.fr\/wp-content\/uploads\/2026\/01\/1b4b80ee-0c3c-4cf4-8ad8-6581dffbac1d.png?w=211&amp;ssl=1 211w, https:\/\/i0.wp.com\/elsatriolet-lemee77.fr\/wp-content\/uploads\/2026\/01\/1b4b80ee-0c3c-4cf4-8ad8-6581dffbac1d.png?resize=148%2C300&amp;ssl=1 148w\" sizes=\"auto, (max-width: 211px) 100vw, 211px\" \/><\/figure>\n\n\n\n<p><strong>LE SAVIEZ-VOUS ?<\/strong><\/p>\n\n\n\n<p>\u200bSeulement <strong>5%<\/strong> des t\u00e9l\u00e9phones fabriqu\u00e9s sont recycl\u00e9s !\u00a0<\/p>\n\n\n\n<p>\u200bPourtant ils sont recyclables \u00e0 <strong>80%.<\/strong><\/p>\n\n\n\n<p>\u200bNous sommes nombreux \u00e0 conserver au fond d&rsquo;un tiroir nos anciens smartphones !\u00a0\u00a0<\/p>\n\n\n\n<p>\u200bC&rsquo;est pourquoi nous organisons au coll\u00e8ge Elsa Triolet une collecte de vieux t\u00e9l\u00e9phones mais aussi de tablettes et d&rsquo;accessoires comme des chargeurs, des oreillettes, des c\u00e2bles USB.\u200b<\/p>\n\n\n\n<p>\u200bEl\u00e8ves, parents, enseignants et personnels du coll\u00e8ge, vous pouvez faire un geste pour la plan\u00e8te en les d\u00e9posant dans le bac de recyclage situ\u00e9 devant le CDI, entre le 19 janvier et le 6 f\u00e9vrier 2026.<\/p>\n\n\n\n<p>\u200b\u200bNous comptons sur vous !<\/p>\n\n\n\n<p>\u200bMarie et Yoann, Conseillers D\u00e9partementaux des Jeunes de notre canton<\/p>\n\n\n\n<p>Les \u00e9co-d\u00e9l\u00e9gu\u00e9s de 3e&nbsp;<\/p>\n\n\n\n<p>\u200bMme Rogier et M Garibal, professeurs organisateurs de la collecte<\/p>\n\n\n\n<p>\u200b<strong><em>Et pour en savoir plus sur notre projet, regardez notre vid\u00e9o :<\/em><\/strong><\/p>\n\n\n\n<figure class=\"wp-block-video\"><video height=\"1080\" style=\"aspect-ratio: 1920 \/ 1080;\" width=\"1920\" controls src=\"https:\/\/elsatriolet-lemee77.fr\/wp-content\/uploads\/2026\/01\/ClipSub.mkv\"><\/video><\/figure>\n","protected":false},"excerpt":{"rendered":"<p>LE SAVIEZ-VOUS ? \u200bSeulement 5% des t\u00e9l\u00e9phones fabriqu\u00e9s sont recycl\u00e9s !\u00a0 \u200bPourtant ils sont recyclables \u00e0 80%. \u200bNous sommes nombreux \u00e0 conserver au fond d&rsquo;un tiroir nos anciens smartphones !\u00a0\u00a0 \u200bC&rsquo;est pourquoi nous organisons au coll\u00e8ge Elsa Triolet une collecte de vieux t\u00e9l\u00e9phones mais aussi de tablettes et d&rsquo;accessoires comme des chargeurs, des oreillettes, des [&hellip;]<\/p>\n","protected":false},"author":19,"featured_media":8822,"comment_status":"closed","ping_status":"closed","sticky":false,"template":"","format":"standard","meta":{"_jetpack_newsletter_access":"","_jetpack_dont_email_post_to_subs":false,"_jetpack_newsletter_tier_id":0,"_jetpack_memberships_contains_paywalled_content":false,"_jetpack_memberships_contains_paid_content":false,"footnotes":""},"categories":[6],"tags":[128,130,129],"class_list":{"0":"post-8819","1":"post","2":"type-post","3":"status-publish","4":"format-standard","5":"has-post-thumbnail","7":"category-developpement-durable-2","8":"tag-collecte","9":"tag-eco-delegues","10":"tag-recyclage","11":"czr-hentry"},"jetpack_featured_media_url":"https:\/\/i0.wp.com\/elsatriolet-lemee77.fr\/wp-content\/uploads\/2026\/01\/1b4b80ee-0c3c-4cf4-8ad8-6581dffbac1d.png?fit=211%2C428&ssl=1","jetpack_shortlink":"https:\/\/wp.me\/paBVJD-2if","jetpack_sharing_enabled":true,"_links":{"self":[{"href":"https:\/\/elsatriolet-lemee77.fr\/index.php\/wp-json\/wp\/v2\/posts\/8819","targetHints":{"allow":["GET"]}}],"collection":[{"href":"https:\/\/elsatriolet-lemee77.fr\/index.php\/wp-json\/wp\/v2\/posts"}],"about":[{"href":"https:\/\/elsatriolet-lemee77.fr\/index.php\/wp-json\/wp\/v2\/types\/post"}],"author":[{"embeddable":true,"href":"https:\/\/elsatriolet-lemee77.fr\/index.php\/wp-json\/wp\/v2\/users\/19"}],"replies":[{"embeddable":true,"href":"https:\/\/elsatriolet-lemee77.fr\/index.php\/wp-json\/wp\/v2\/comments?post=8819"}],"version-history":[{"count":2,"href":"https:\/\/elsatriolet-lemee77.fr\/index.php\/wp-json\/wp\/v2\/posts\/8819\/revisions"}],"predecessor-version":[{"id":8823,"href":"https:\/\/elsatriolet-lemee77.fr\/index.php\/wp-json\/wp\/v2\/posts\/8819\/revisions\/8823"}],"wp:featuredmedia":[{"embeddable":true,"href":"https:\/\/elsatriolet-lemee77.fr\/index.php\/wp-json\/wp\/v2\/media\/8822"}],"wp:attachment":[{"href":"https:\/\/elsatriolet-lemee77.fr\/index.php\/wp-json\/wp\/v2\/media?parent=8819"}],"wp:term":[{"taxonomy":"category","embeddable":true,"href":"https:\/\/elsatriolet-lemee77.fr\/index.php\/wp-json\/wp\/v2\/categories?post=8819"},{"taxonomy":"post_tag","embeddable":true,"href":"https:\/\/elsatriolet-lemee77.fr\/index.php\/wp-json\/wp\/v2\/tags?post=8819"}],"curies":[{"name":"wp","href":"https:\/\/api.w.org\/{rel}","templated":true}]}}